{"id":2001,"date":"2026-09-03T10:15:00","date_gmt":"2026-09-03T08:15:00","guid":{"rendered":"https:\/\/territoriosalud.org\/TS\/?p=2001"},"modified":"2026-09-03T10:42:39","modified_gmt":"2026-09-03T08:42:39","slug":"matricula-abierta-nace-una-formacion-universitaria-pionera-para-liderar-el-bienestar-y-la-cronicidad-infantojuvenil","status":"publish","type":"post","link":"https:\/\/territoriosalud.org\/TS\/matricula-abierta-nace-una-formacion-universitaria-pionera-para-liderar-el-bienestar-y-la-cronicidad-infantojuvenil\/","title":{"rendered":"\u00a1Matr\u00edcula abierta! Nace una formaci\u00f3n universitaria pionera para liderar el bienestar y la cronicidad infantojuvenil"},"content":{"rendered":"\n<div class=\"wp-block-stackable-columns stk-block-columns stk-block stk-24a5eed\" data-block-id=\"24a5eed\"><div class=\"stk-row stk-inner-blocks stk-block-content stk-content-align stk-24a5eed-column\">\n<div class=\"wp-block-stackable-column stk-block-column stk-column stk-block stk-b18a55c\" data-v=\"4\" data-block-id=\"b18a55c\"><div class=\"stk-column-wrapper stk-block-column__content stk-container stk-b18a55c-container stk--no-background stk--no-padding\"><div class=\"stk-block-content stk-inner-blocks stk-b18a55c-inner-blocks\">\n<div class=\"wp-block-stackable-text stk-block-text stk-block stk-24ad872\" data-block-id=\"24ad872\"><p class=\"stk-block-text__text\">Se abre el plazo de inscripci\u00f3n para el T\u00edtulo de Experto Universitario en Atenci\u00f3n a la Cronicidad y Coordinador de Bienestar y Protecci\u00f3n Integral en el \u00c1mbito Infantojuvenil, una propuesta acad\u00e9mica pionera e innovadora de la Universidad Complutense de Madrid a trav\u00e9s del proyecto Territorio Salud.<\/p><\/div>\n\n\n\n<div class=\"wp-block-stackable-button-group stk-block-button-group stk-block stk-53e216a\" data-block-id=\"53e216a\"><div class=\"stk-row stk-inner-blocks stk-block-content stk-button-group\">\n<div class=\"wp-block-stackable-button stk-block-button stk-block stk-689ec5a\" data-block-id=\"689ec5a\"><a class=\"stk-link stk-button stk--hover-effect-darken\" href=\"https:\/\/territoriosalud.org\/TS\/infantojuvenil\/\" target=\"_blank\" rel=\"noreferrer noopener\"><span class=\"stk-button__inner-text\">M\u00c1S INFORMACI\u00d3N<\/span><\/a><\/div>\n<\/div><\/div>\n<\/div><\/div><\/div>\n<\/div><\/div>\n\n\n\n<div class=\"wp-block-stackable-text stk-block-text stk-block stk-ed7c7f3\" data-block-id=\"ed7c7f3\"><p class=\"stk-block-text__text\">Este programa marca un hito al integrar, en una misma mesa de trabajo, a m\u00e1s de 30 especialistas de referencia de los \u00e1mbitos sanitario, educativo y social, junto a la participaci\u00f3n directa de 10 asociaciones de pacientes. Esta alianza estrat\u00e9gica permite ofrecer una mirada integral y verdaderamente conectada con las necesidades reales de los menores y sus familias.<\/p><\/div>\n\n\n\n<div class=\"wp-block-stackable-text stk-block-text stk-block stk-759f44f\" data-block-id=\"759f44f\"><p class=\"stk-block-text__text\">Dise\u00f1ado para capacitar en la gesti\u00f3n de la cronicidad, el apoyo emocional, la salud mental y la protecci\u00f3n escolar desde una perspectiva transversal e inclusiva:<\/p><\/div>\n\n\n\n<div class=\"wp-block-stackable-text stk-block-text stk-block stk-3b6483e\" data-block-id=\"3b6483e\"><p class=\"stk-block-text__text\">Dirigido a: Profesionales de los \u00e1mbitos sanitario, educativo y social (m\u00e9dicos, personal de enfermer\u00eda, docentes, orientadores, trabajadores sociales, psic\u00f3logos y miembros de organizaciones de pacientes) que acompa\u00f1an a la infancia y la adolescencia.<\/p><\/div>\n\n\n\n<div class=\"wp-block-stackable-text stk-block-text stk-block stk-0fda870\" data-block-id=\"0fda870\"><p class=\"stk-block-text__text\">Aspectos clave de la formaci\u00f3n:<\/p><\/div>\n\n\n\n<ul class=\"wp-block-list\">\n<li><strong>Programa pionero:<\/strong> El primer posgrado que une a academia, profesionales y movimiento asociativo en torno a la salud escolar e infantojuvenil.<\/li>\n\n\n\n<li><strong>Cuadro docente excepcional:<\/strong> M\u00e1s de 30 expertos en activo e impacto directo de 10 asociaciones de pacientes.<\/li>\n\n\n\n<li><strong>Titulaci\u00f3n oficial:<\/strong> Experto Universitario UCM (23 ECTS).<\/li>\n\n\n\n<li><strong>Flexibilidad total:<\/strong> Modalidad 100% online asincr\u00f3nico.<\/li>\n\n\n\n<li><strong>Grupos reducidos:<\/strong> Solo 35 plazas disponibles.<\/li>\n<\/ul>\n\n\n\n<div class=\"wp-block-stackable-text stk-block-text stk-block stk-44b47cf\" data-block-id=\"44b47cf\"><p class=\"stk-block-text__text\">Forma parte de esta primera promoci\u00f3n de profesionales preparados para transformar la atenci\u00f3n a la infancia y la adolescencia.<\/p><\/div>\n\n\n\n<div class=\"wp-block-stackable-text stk-block-text stk-block stk-5954a7a\" data-block-id=\"5954a7a\"><p class=\"stk-block-text__text\">\ud83d\udc49 Consulta toda la informaci\u00f3n sobre el programa en<\/p><\/div>\n\n\n\n<div class=\"wp-block-stackable-button-group stk-block-button-group stk-block stk-839480e\" data-block-id=\"839480e\"><div class=\"stk-row stk-inner-blocks stk-block-content stk-button-group\">\n<div class=\"wp-block-stackable-button stk-block-button stk-block stk-7747fd9\" data-block-id=\"7747fd9\"><a class=\"stk-link stk-button stk--hover-effect-darken\" href=\"\" target=\"_blank\" rel=\"noreferrer noopener\"><span class=\"stk-button__inner-text\">INSCR\u00cdBETE<\/span><\/a><\/div>\n<\/div><\/div>\n\n\n\n<hr class=\"wp-block-separator has-alpha-channel-opacity\"\/>\n\n\n\n<div class=\"wp-block-stackable-text stk-block-text stk-block stk-7851da4\" data-block-id=\"7851da4\"><p class=\"stk-block-text__text\">\u00bfQuieres que tu asociaci\u00f3n participe?contacta con nosotros en info@territoriosalud.org<\/p><\/div>\n\n\n\n<div class=\"wp-block-stackable-text stk-block-text stk-block stk-8bbf628\" data-block-id=\"8bbf628\"><p class=\"stk-block-text__text\"><\/p><\/div>\n","protected":false},"excerpt":{"rendered":"<p>Pioneros en la protecci\u00f3n infantojuvenil: Territorio Salud y la UCM abren matr\u00edcula para la primera edici\u00f3n de este Experto Universitario enfocado en la cronicidad, el bienestar y la salud escolar.<\/p>\n","protected":false},"author":1,"featured_media":2005,"comment_status":"closed","ping_status":"open","sticky":false,"template":"","format":"standard","meta":{"site-sidebar-layout":"default","site-content-layout":"","ast-site-content-layout":"default","site-content-style":"default","site-sidebar-style":"default","ast-global-header-display":"","ast-banner-title-visibility":"","ast-main-header-display":"","ast-hfb-above-header-display":"","ast-hfb-below-header-display":"","ast-hfb-mobile-header-display":"","site-post-title":"","ast-breadcrumbs-content":"","ast-featured-img":"","footer-sml-layout":"","ast-disable-related-posts":"","theme-transparent-header-meta":"","adv-header-id-meta":"","stick-header-meta":"","header-above-stick-meta":"","header-main-stick-meta":"","header-below-stick-meta":"","astra-migrate-meta-layouts":"default","ast-page-background-enabled":"default","ast-page-background-meta":{"desktop":{"background-color":"var(--ast-global-color-5)","background-image":"","background-repeat":"repeat","background-position":"center center","background-size":"auto","background-attachment":"scroll","background-type":"","background-media":"","overlay-type":"","overlay-color":"","overlay-opacity":"","overlay-gradient":""},"tablet":{"background-color":"","background-image":"","background-repeat":"repeat","background-position":"center center","background-size":"auto","background-attachment":"scroll","background-type":"","background-media":"","overlay-type":"","overlay-color":"","overlay-opacity":"","overlay-gradient":""},"mobile":{"background-color":"","background-image":"","background-repeat":"repeat","background-position":"center center","background-size":"auto","background-attachment":"scroll","background-type":"","background-media":"","overlay-type":"","overlay-color":"","overlay-opacity":"","overlay-gradient":""}},"ast-content-background-meta":{"desktop":{"background-color":"var(--ast-global-color-4)","background-image":"","background-repeat":"repeat","background-position":"center center","background-size":"auto","background-attachment":"scroll","background-type":"","background-media":"","overlay-type":"","overlay-color":"","overlay-opacity":"","overlay-gradient":""},"tablet":{"background-color":"var(--ast-global-color-4)","background-image":"","background-repeat":"repeat","background-position":"center center","background-size":"auto","background-attachment":"scroll","background-type":"","background-media":"","overlay-type":"","overlay-color":"","overlay-opacity":"","overlay-gradient":""},"mobile":{"background-color":"var(--ast-global-color-4)","background-image":"","background-repeat":"repeat","background-position":"center center","background-size":"auto","background-attachment":"scroll","background-type":"","background-media":"","overlay-type":"","overlay-color":"","overlay-opacity":"","overlay-gradient":""}},"_EventAllDay":false,"_EventTimezone":"","_EventStartDate":"","_EventEndDate":"","_EventStartDateUTC":"","_EventEndDateUTC":"","_EventShowMap":false,"_EventShowMapLink":false,"_EventURL":"","_EventCost":"","_EventCostDescription":"","_EventCurrencySymbol":"","_EventCurrencyCode":"","_EventCurrencyPosition":"","_EventDateTimeSeparator":"","_EventTimeRangeSeparator":"","_EventOrganizerID":[],"_EventVenueID":[],"_OrganizerEmail":"","_OrganizerPhone":"","_OrganizerWebsite":"","_VenueAddress":"","_VenueCity":"","_VenueCountry":"","_VenueProvince":"","_VenueState":"","_VenueZip":"","_VenuePhone":"","_VenueURL":"","_VenueStateProvince":"","_VenueLat":"","_VenueLng":"","_VenueShowMap":false,"_VenueShowMapLink":false,"footnotes":""},"categories":[36,28],"tags":[43,40,38,41,42,39],"class_list":["post-2001","post","type-post","status-publish","format-standard","has-post-thumbnail","hentry","category-cursos","category-noticia","tag-coordinador-del-bienestar","tag-cronicidad","tag-experto-universitario","tag-infantojuvenil","tag-matricula-abierta","tag-ucm"],"_links":{"self":[{"href":"https:\/\/territoriosalud.org\/TS\/wp-json\/wp\/v2\/posts\/2001","targetHints":{"allow":["GET"]}}],"collection":[{"href":"https:\/\/territoriosalud.org\/TS\/wp-json\/wp\/v2\/posts"}],"about":[{"href":"https:\/\/territoriosalud.org\/TS\/wp-json\/wp\/v2\/types\/post"}],"author":[{"embeddable":true,"href":"https:\/\/territoriosalud.org\/TS\/wp-json\/wp\/v2\/users\/1"}],"replies":[{"embeddable":true,"href":"https:\/\/territoriosalud.org\/TS\/wp-json\/wp\/v2\/comments?post=2001"}],"version-history":[{"count":8,"href":"https:\/\/territoriosalud.org\/TS\/wp-json\/wp\/v2\/posts\/2001\/revisions"}],"predecessor-version":[{"id":2013,"href":"https:\/\/territoriosalud.org\/TS\/wp-json\/wp\/v2\/posts\/2001\/revisions\/2013"}],"wp:featuredmedia":[{"embeddable":true,"href":"https:\/\/territoriosalud.org\/TS\/wp-json\/wp\/v2\/media\/2005"}],"wp:attachment":[{"href":"https:\/\/territoriosalud.org\/TS\/wp-json\/wp\/v2\/media?parent=2001"}],"wp:term":[{"taxonomy":"category","embeddable":true,"href":"https:\/\/territoriosalud.org\/TS\/wp-json\/wp\/v2\/categories?post=2001"},{"taxonomy":"post_tag","embeddable":true,"href":"https:\/\/territoriosalud.org\/TS\/wp-json\/wp\/v2\/tags?post=2001"}],"curies":[{"name":"wp","href":"https:\/\/api.w.org\/{rel}","templated":true}]}}