{"id":1992,"date":"2026-09-03T09:43:53","date_gmt":"2026-09-03T07:43:53","guid":{"rendered":"https:\/\/territoriosalud.org\/TS\/?p=1992"},"modified":"2026-09-03T09:52:43","modified_gmt":"2026-09-03T07:52:43","slug":"territorio-salud-pone-en-marcha-el-proyecto-malla-con-el-ciclo-de-encuentros-habitar-la-cronicidad","status":"publish","type":"post","link":"https:\/\/territoriosalud.org\/TS\/territorio-salud-pone-en-marcha-el-proyecto-malla-con-el-ciclo-de-encuentros-habitar-la-cronicidad\/","title":{"rendered":"Territorio Salud pone en marcha el Proyecto Malla con el ciclo de encuentros \u00abHabitar la cronicidad\u00bb"},"content":{"rendered":"\n<div class=\"wp-block-stackable-text stk-block-text stk-block stk-05f3bc6\" data-block-id=\"05f3bc6\"><style>.stk-05f3bc6 {margin-bottom:0px !important;}<\/style><p class=\"stk-block-text__text\">El Proyecto Malla es una iniciativa impulsada por la Asociaci\u00f3n Territorio Salud para tejer una red comunitaria de encuentro, apoyo mutuo y creaci\u00f3n colectiva en torno a la vivencia de las enfermedades y condiciones cr\u00f3nicas.<\/p><\/div>\n\n\n\n<div class=\"wp-block-stackable-text stk-block-text stk-block stk-5838d9c\" data-block-id=\"5838d9c\"><p class=\"stk-block-text__text\">\u201cHabitar la cronicidad\u201d forma parte del Proyecto Malla de la Asociaci\u00f3n Territorio Salud.  A diferencia de los enfoques exclusivamente m\u00e9dicos o cl\u00ednicos, el Proyecto Malla aborda la cronicidad desde la dimensi\u00f3n humana, emocional y social. Su prop\u00f3sito central es sacar la experiencia de la enfermedad del aislamiento y llevarla al espacio comunitario mediante el uso de la palabra, la mediaci\u00f3n art\u00edstica y los procesos grupales.La experiencia de convivir con una enfermedad cr\u00f3nica suele transitarse en silencio o reducida a las paredes de un centro sanitario. Con el objetivo de sacar el cuidado a la calle y tejer alianzas entre vecinas, pacientes y familiares, Territorio Salud pone en marcha el Proyecto Malla.<\/p><\/div>\n\n\n\n<div class=\"wp-block-stackable-text stk-block-text stk-block stk-c2e24d9\" data-block-id=\"c2e24d9\"><p class=\"stk-block-text__text\">A trav\u00e9s de tres encuentros tem\u00e1ticos, el ciclo \u00abHabitar la cronicidad\u00bb nos invita a reescribir la relaci\u00f3n con nuestros cuerpos y con el propio sistema sanitario. Una propuesta donde la lectura compartida y la mediaci\u00f3n art\u00edstica sirven de refugio y herramienta de gesti\u00f3n emocional ante el impacto del dolor o el malestar prolongado.<\/p><\/div>\n\n\n\n<div class=\"wp-block-stackable-text stk-block-text stk-block stk-c91d3ac\" data-block-id=\"c91d3ac\"><p class=\"stk-block-text__text\">Agradecemos el respaldo de la Fundaci\u00f3n \u201dla Caixa\u201d (v\u00eda CaixaBank) y el trabajo conjunto con la asociaci\u00f3n EndoMadrid y la AVV Puerto Chico, imprescindibles para hacer realidad este espacio en el distrito de Latina.<\/p><\/div>\n\n\n\n<div class=\"wp-block-stackable-text stk-block-text stk-block stk-fa322a7\" data-block-id=\"fa322a7\"><p class=\"stk-block-text__text\">\ud83c\udf9f\ufe0f \u00bfTe interesa participar?<\/p><\/div>\n\n\n\n<div class=\"wp-block-stackable-text stk-block-text stk-block stk-424756b\" data-block-id=\"424756b\"><p class=\"stk-block-text__text\">Acomp\u00e1\u00f1anos y descubre c\u00f3mo el arte y el grupo pueden convertirse en un recurso real para gestionar el estr\u00e9s y reconectar con tu salud emocional, tanto si convives con una enfermedad cr\u00f3nica como si acompa\u00f1as a un familiar.<\/p><\/div>\n\n\n\n<div class=\"wp-block-stackable-text stk-block-text stk-block stk-573195c\" data-block-id=\"573195c\"><p class=\"stk-block-text__text\">\u00a1Reserva tu plaza ahora! Plazas limitadas. Las sesiones son independientes y gratuitas hasta completar aforo.<\/p><\/div>\n\n\n\n<div class=\"wp-block-stackable-button-group stk-block-button-group stk-block stk-839480e\" data-block-id=\"839480e\"><div class=\"stk-row stk-inner-blocks stk-block-content stk-button-group\">\n<div class=\"wp-block-stackable-button stk-block-button stk-block stk-98b95bd\" data-block-id=\"98b95bd\"><a class=\"stk-link stk-button stk--hover-effect-darken\" href=\"https:\/\/www.eventbrite.es\/e\/entradas-ciclo-de-lectura-y-creacion-artistica-habitar-la-cronicidad-1999482408709?aff=oddtdtcreator\" target=\"_blank\" rel=\"noreferrer noopener\"><span class=\"stk-button__inner-text\">Inscr\u00edbete<\/span><\/a><\/div>\n<\/div><\/div>\n\n\n\n<hr class=\"wp-block-separator has-alpha-channel-opacity\"\/>\n\n\n\n<div class=\"wp-block-stackable-text stk-block-text stk-block stk-7851da4\" data-block-id=\"7851da4\"><p class=\"stk-block-text__text\">\u00bfQuieres que tu asociaci\u00f3n participe?contacta con nosotros en info@territoriosalud.org<\/p><\/div>\n","protected":false},"excerpt":{"rendered":"<p>Descubre c\u00f3mo el arte y el grupo pueden convertirse en un recurso real para gestionar el estr\u00e9s y reconectar con tu salud emocional<\/p>\n","protected":false},"author":1,"featured_media":1998,"comment_status":"closed","ping_status":"open","sticky":false,"template":"","format":"standard","meta":{"site-sidebar-layout":"default","site-content-layout":"","ast-site-content-layout":"default","site-content-style":"default","site-sidebar-style":"default","ast-global-header-display":"","ast-banner-title-visibility":"","ast-main-header-display":"","ast-hfb-above-header-display":"","ast-hfb-below-header-display":"","ast-hfb-mobile-header-display":"","site-post-title":"","ast-breadcrumbs-content":"","ast-featured-img":"","footer-sml-layout":"","ast-disable-related-posts":"","theme-transparent-header-meta":"","adv-header-id-meta":"","stick-header-meta":"","header-above-stick-meta":"","header-main-stick-meta":"","header-below-stick-meta":"","astra-migrate-meta-layouts":"default","ast-page-background-enabled":"default","ast-page-background-meta":{"desktop":{"background-color":"var(--ast-global-color-5)","background-image":"","background-repeat":"repeat","background-position":"center center","background-size":"auto","background-attachment":"scroll","background-type":"","background-media":"","overlay-type":"","overlay-color":"","overlay-opacity":"","overlay-gradient":""},"tablet":{"background-color":"","background-image":"","background-repeat":"repeat","background-position":"center center","background-size":"auto","background-attachment":"scroll","background-type":"","background-media":"","overlay-type":"","overlay-color":"","overlay-opacity":"","overlay-gradient":""},"mobile":{"background-color":"","background-image":"","background-repeat":"repeat","background-position":"center center","background-size":"auto","background-attachment":"scroll","background-type":"","background-media":"","overlay-type":"","overlay-color":"","overlay-opacity":"","overlay-gradient":""}},"ast-content-background-meta":{"desktop":{"background-color":"var(--ast-global-color-4)","background-image":"","background-repeat":"repeat","background-position":"center center","background-size":"auto","background-attachment":"scroll","background-type":"","background-media":"","overlay-type":"","overlay-color":"","overlay-opacity":"","overlay-gradient":""},"tablet":{"background-color":"var(--ast-global-color-4)","background-image":"","background-repeat":"repeat","background-position":"center center","background-size":"auto","background-attachment":"scroll","background-type":"","background-media":"","overlay-type":"","overlay-color":"","overlay-opacity":"","overlay-gradient":""},"mobile":{"background-color":"var(--ast-global-color-4)","background-image":"","background-repeat":"repeat","background-position":"center center","background-size":"auto","background-attachment":"scroll","background-type":"","background-media":"","overlay-type":"","overlay-color":"","overlay-opacity":"","overlay-gradient":""}},"_EventAllDay":false,"_EventTimezone":"","_EventStartDate":"","_EventEndDate":"","_EventStartDateUTC":"","_EventEndDateUTC":"","_EventShowMap":false,"_EventShowMapLink":false,"_EventURL":"","_EventCost":"","_EventCostDescription":"","_EventCurrencySymbol":"","_EventCurrencyCode":"","_EventCurrencyPosition":"","_EventDateTimeSeparator":"","_EventTimeRangeSeparator":"","_EventOrganizerID":[],"_EventVenueID":[],"_OrganizerEmail":"","_OrganizerPhone":"","_OrganizerWebsite":"","_VenueAddress":"","_VenueCity":"","_VenueCountry":"","_VenueProvince":"","_VenueState":"","_VenueZip":"","_VenuePhone":"","_VenueURL":"","_VenueStateProvince":"","_VenueLat":"","_VenueLng":"","_VenueShowMap":false,"_VenueShowMapLink":false,"footnotes":""},"categories":[28,11],"tags":[34,35,32,31],"class_list":["post-1992","post","type-post","status-publish","format-standard","has-post-thumbnail","hentry","category-noticia","category-seminarios","tag-arteterapia","tag-proyecto-malla","tag-red-territorio-salud","tag-taller"],"_links":{"self":[{"href":"https:\/\/territoriosalud.org\/TS\/wp-json\/wp\/v2\/posts\/1992","targetHints":{"allow":["GET"]}}],"collection":[{"href":"https:\/\/territoriosalud.org\/TS\/wp-json\/wp\/v2\/posts"}],"about":[{"href":"https:\/\/territoriosalud.org\/TS\/wp-json\/wp\/v2\/types\/post"}],"author":[{"embeddable":true,"href":"https:\/\/territoriosalud.org\/TS\/wp-json\/wp\/v2\/users\/1"}],"replies":[{"embeddable":true,"href":"https:\/\/territoriosalud.org\/TS\/wp-json\/wp\/v2\/comments?post=1992"}],"version-history":[{"count":3,"href":"https:\/\/territoriosalud.org\/TS\/wp-json\/wp\/v2\/posts\/1992\/revisions"}],"predecessor-version":[{"id":2000,"href":"https:\/\/territoriosalud.org\/TS\/wp-json\/wp\/v2\/posts\/1992\/revisions\/2000"}],"wp:featuredmedia":[{"embeddable":true,"href":"https:\/\/territoriosalud.org\/TS\/wp-json\/wp\/v2\/media\/1998"}],"wp:attachment":[{"href":"https:\/\/territoriosalud.org\/TS\/wp-json\/wp\/v2\/media?parent=1992"}],"wp:term":[{"taxonomy":"category","embeddable":true,"href":"https:\/\/territoriosalud.org\/TS\/wp-json\/wp\/v2\/categories?post=1992"},{"taxonomy":"post_tag","embeddable":true,"href":"https:\/\/territoriosalud.org\/TS\/wp-json\/wp\/v2\/tags?post=1992"}],"curies":[{"name":"wp","href":"https:\/\/api.w.org\/{rel}","templated":true}]}}